{"id":152,"date":"2024-06-03T10:42:32","date_gmt":"2024-06-03T09:42:32","guid":{"rendered":"https:\/\/almadina.ma\/vivamus-sagittis-lacus-vel-augue-laoreet-rutrum-faucibus-dolor-auctor-fusce-dapibus-tellus-ac-cursus-commodo-tortor-mauris-condimentum-nibh-ut-fermentum-massa-justo-sit-amet-risus-copy-9\/"},"modified":"2024-06-26T17:35:51","modified_gmt":"2024-06-26T16:35:51","slug":"journee-portes-ouvertes","status":"publish","type":"post","link":"https:\/\/madinaschools.ma\/ar\/journee-portes-ouvertes\/","title":{"rendered":"D\u00e9couvrez l\u2019univers captivant de Madina Schools lors de notre journ\u00e9e portes ouvertes !"},"content":{"rendered":"<p><span style=\"font-weight: 400;\">Nos \u00e9quipes seront ravies de vous accueillir et de r\u00e9pondre \u00e0 toutes vos questions, nous vous accueillerons sur l\u2019un de nos trois sites : Ain Seba\u00e2, Polo et Californie. Vous y d\u00e9couvrirez notre offre p\u00e9dagogique trilingue et les r\u00e9alisations de nos \u00e9l\u00e8ves ! On vous attend ! <\/span><\/p>\n","protected":false},"excerpt":{"rendered":"<p>Nos \u00e9quipes seront ravies de vous accueillir et de r\u00e9pondre \u00e0 toutes vos questions, nous vous accueillerons sur l\u2019un de nos trois sites : Ain Seba\u00e2, Polo et Californie. Vous y d\u00e9couvrirez notre offre p\u00e9dagogique trilingue et les r\u00e9alisations de nos \u00e9l\u00e8ves ! On vous attend !<\/p>\n","protected":false},"author":1,"featured_media":405,"comment_status":"open","ping_status":"open","sticky":false,"template":"","format":"standard","meta":{"_acf_changed":false,"footnotes":""},"categories":[7],"tags":[],"class_list":["post-152","post","type-post","status-publish","format-standard","has-post-thumbnail","hentry","category-evenements"],"acf":[],"previous":{"id":99,"slug":"nouvelle-identite-madina-schools","title":"D\u00e9couvrez la nouvelle identit\u00e9 Madina Schools !"},"next":null,"_links":{"self":[{"href":"https:\/\/madinaschools.ma\/ar\/wp-json\/wp\/v2\/posts\/152","targetHints":{"allow":["GET"]}}],"collection":[{"href":"https:\/\/madinaschools.ma\/ar\/wp-json\/wp\/v2\/posts"}],"about":[{"href":"https:\/\/madinaschools.ma\/ar\/wp-json\/wp\/v2\/types\/post"}],"author":[{"embeddable":true,"href":"https:\/\/madinaschools.ma\/ar\/wp-json\/wp\/v2\/users\/1"}],"replies":[{"embeddable":true,"href":"https:\/\/madinaschools.ma\/ar\/wp-json\/wp\/v2\/comments?post=152"}],"version-history":[{"count":0,"href":"https:\/\/madinaschools.ma\/ar\/wp-json\/wp\/v2\/posts\/152\/revisions"}],"wp:featuredmedia":[{"embeddable":true,"href":"https:\/\/madinaschools.ma\/ar\/wp-json\/wp\/v2\/media\/405"}],"wp:attachment":[{"href":"https:\/\/madinaschools.ma\/ar\/wp-json\/wp\/v2\/media?parent=152"}],"wp:term":[{"taxonomy":"category","embeddable":true,"href":"https:\/\/madinaschools.ma\/ar\/wp-json\/wp\/v2\/categories?post=152"},{"taxonomy":"post_tag","embeddable":true,"href":"https:\/\/madinaschools.ma\/ar\/wp-json\/wp\/v2\/tags?post=152"}],"curies":[{"name":"wp","href":"https:\/\/api.w.org\/{rel}","templated":true}]}}