{"id":99,"date":"2024-06-13T17:17:32","date_gmt":"2024-06-13T16:17:32","guid":{"rendered":"https:\/\/almadina.ma\/vivamus-sagittis-lacus-vel-augue-laoreet-rutrum-faucibus-dolor-auctor-fusce-dapibus-tellus-ac-cursus-commodo-tortor-mauris-condimentum-nibh-ut-fermentum-massa-justo-sit-amet-risus-copy-7\/"},"modified":"2024-06-26T17:49:00","modified_gmt":"2024-06-26T16:49:00","slug":"nouvelle-identite-madina-schools","status":"publish","type":"post","link":"https:\/\/madinaschools.ma\/ar\/nouvelle-identite-madina-schools\/","title":{"rendered":"D\u00e9couvrez la nouvelle identit\u00e9 Madina Schools !"},"content":{"rendered":"<p><span style=\"font-weight: 400;\">\u00c0 Madina Schools, nous pr\u00e9parons nos \u00e9l\u00e8ves aux \u00e9tudes sup\u00e9rieures et internationales d\u00e8s le primaire. \u00c9coutez M. Abderrahmane Lahlou, directeur g\u00e9n\u00e9ral de Madina Schools, au sujet de notre nouvelle identit\u00e9 visuelle, notre programme IBO et notre ambition pour les futures g\u00e9n\u00e9rations de citoyens marocains.<\/span><\/p>\n","protected":false},"excerpt":{"rendered":"<p>\u00c0 Madina Schools, nous pr\u00e9parons nos \u00e9l\u00e8ves aux \u00e9tudes sup\u00e9rieures et internationales d\u00e8s le primaire. \u00c9coutez M. Abderrahmane Lahlou, directeur g\u00e9n\u00e9ral de Madina Schools, au sujet de notre nouvelle identit\u00e9 visuelle, notre programme IBO et notre ambition pour les futures g\u00e9n\u00e9rations de citoyens marocains.<\/p>\n","protected":false},"author":1,"featured_media":408,"comment_status":"open","ping_status":"open","sticky":false,"template":"","format":"standard","meta":{"_acf_changed":false,"footnotes":""},"categories":[8],"tags":[],"class_list":["post-99","post","type-post","status-publish","format-standard","has-post-thumbnail","hentry","category-actualites"],"acf":[],"previous":{"id":151,"slug":"nouveau-partenariat","title":"Nouveau partenariat structurant pour Madina Kids, la maternelle du groupe Madina !"},"next":{"id":152,"slug":"journee-portes-ouvertes","title":"D\u00e9couvrez l\u2019univers captivant de Madina Schools lors de notre journ\u00e9e portes ouvertes !"},"_links":{"self":[{"href":"https:\/\/madinaschools.ma\/ar\/wp-json\/wp\/v2\/posts\/99","targetHints":{"allow":["GET"]}}],"collection":[{"href":"https:\/\/madinaschools.ma\/ar\/wp-json\/wp\/v2\/posts"}],"about":[{"href":"https:\/\/madinaschools.ma\/ar\/wp-json\/wp\/v2\/types\/post"}],"author":[{"embeddable":true,"href":"https:\/\/madinaschools.ma\/ar\/wp-json\/wp\/v2\/users\/1"}],"replies":[{"embeddable":true,"href":"https:\/\/madinaschools.ma\/ar\/wp-json\/wp\/v2\/comments?post=99"}],"version-history":[{"count":0,"href":"https:\/\/madinaschools.ma\/ar\/wp-json\/wp\/v2\/posts\/99\/revisions"}],"wp:featuredmedia":[{"embeddable":true,"href":"https:\/\/madinaschools.ma\/ar\/wp-json\/wp\/v2\/media\/408"}],"wp:attachment":[{"href":"https:\/\/madinaschools.ma\/ar\/wp-json\/wp\/v2\/media?parent=99"}],"wp:term":[{"taxonomy":"category","embeddable":true,"href":"https:\/\/madinaschools.ma\/ar\/wp-json\/wp\/v2\/categories?post=99"},{"taxonomy":"post_tag","embeddable":true,"href":"https:\/\/madinaschools.ma\/ar\/wp-json\/wp\/v2\/tags?post=99"}],"curies":[{"name":"wp","href":"https:\/\/api.w.org\/{rel}","templated":true}]}}